{"id":1026,"date":"2020-07-29T11:33:27","date_gmt":"2020-07-29T10:33:27","guid":{"rendered":"https:\/\/neustrelitz-evangelisch.de\/?p=1026"},"modified":"2020-08-03T08:32:03","modified_gmt":"2020-08-03T07:32:03","slug":"orgelsommer-v-concerto-grosso","status":"publish","type":"post","link":"https:\/\/neustrelitz-evangelisch.de\/index.php\/2020\/07\/29\/orgelsommer-v-concerto-grosso\/","title":{"rendered":"Orgelsommer V \u2013 &#8220;Concerto Grosso&#8221;"},"content":{"rendered":"\n<p>Unter dem Titel \u201eConcerto Grosso\u201c findet am kommenden Sonntag, dem 2.8.2020 um 17 Uhr das f\u00fcnfte Konzert des Gr\u00fcneberg-Orgelsommers in der Stadtkirche Neustrelitz statt.<\/p>\n\n\n\n<figure class=\"wp-block-image size-large is-resized\"><a href=\"https:\/\/neustrelitz-evangelisch.de\/wp-content\/uploads\/2020\/07\/Christian-Domke-privat-scaled.jpg\"><img decoding=\"async\" loading=\"lazy\" src=\"https:\/\/neustrelitz-evangelisch.de\/wp-content\/uploads\/2020\/07\/Christian-Domke-privat-683x1024.jpg\" alt=\"\" class=\"wp-image-1027\" width=\"217\" height=\"326\" srcset=\"https:\/\/neustrelitz-evangelisch.de\/wp-content\/uploads\/2020\/07\/Christian-Domke-privat-683x1024.jpg 683w, https:\/\/neustrelitz-evangelisch.de\/wp-content\/uploads\/2020\/07\/Christian-Domke-privat-200x300.jpg 200w, https:\/\/neustrelitz-evangelisch.de\/wp-content\/uploads\/2020\/07\/Christian-Domke-privat-768x1152.jpg 768w, https:\/\/neustrelitz-evangelisch.de\/wp-content\/uploads\/2020\/07\/Christian-Domke-privat-1024x1536.jpg 1024w, https:\/\/neustrelitz-evangelisch.de\/wp-content\/uploads\/2020\/07\/Christian-Domke-privat-1366x2048.jpg 1366w, https:\/\/neustrelitz-evangelisch.de\/wp-content\/uploads\/2020\/07\/Christian-Domke-privat-scaled.jpg 1707w\" sizes=\"(max-width: 217px) 100vw, 217px\" \/><\/a><figcaption>Christian Domke<\/figcaption><\/figure>\n\n\n\n<p>Der Organist des Abends ist Christian Domke, seit 2012 Kantor an der Paulskirche Schwerin, der nicht nur ein begnadeter Orgelimprovisator ist, sondern auch einen Schaffensschwerpunkt auch auf liturgische Komposition setzt. So ist auch in diesem Konzert mit \u201ePr\u00e4ludium &amp; Fuge\u201c ein eigenes St\u00fcck von ihm zu h\u00f6ren. Daneben gibt es exzellente konzertante Orgelmusik mit der Triosonate Nr. 1 in Es-Dur von Johann Sebastian Bach und zwei St\u00fccken der franz\u00f6sischen Orgelkomponisten C\u00e9sar Franck und Maurice Durufl\u00e9. Den H\u00f6hepunkt des Abends bildet der dritte der drei sinfonischen Orgelchor\u00e4le von C\u00e9sar Franck in a-moll, der die Gr\u00fcneberg Orgel sicherlich wieder in all ihren Farben zur Geltung bringen wird.<\/p>\n\n\n\n<p>Der Eintritt ist frei, um eine Spende am Ausgang wird gebeten. Bitte achten Sie w\u00e4hrend des Konzertes auf die allgemeinen Corona-Regeln zu Abstand, Niesen und H\u00e4ndedesinfektion. Es wird dringend empfohlen, eine Gesichtsbedeckung zu tragen. Bitte beachten Sie au\u00dferdem, dass die Anzahl der Konzertbesuchenden auf maximal 200 Personen begrenzt ist. Wenn die Kirche zu voll wird, darf kein weiterer Einlass erfolgen. Rechtzeitiges Kommen sichert also gute Pl\u00e4tze. Es wird eine Anwesenheitsliste gef\u00fchrt. F\u00fcr einen z\u00fcgigen Einlass bringen Sie bitte m\u00f6glichst einen Zettel mit Ihren Kontaktdaten mit.<\/p>\n","protected":false},"excerpt":{"rendered":"<p>Unter dem Titel \u201eConcerto Grosso\u201c findet am kommenden Sonntag, dem 2.8.2020 um 17 Uhr das f\u00fcnfte Konzert des Gr\u00fcneberg-Orgelsommers in der Stadtkirche Neustrelitz statt. Der Organist des Abends ist Christian Domke, seit 2012 Kantor an der Paulskirche Schwerin, der nicht nur ein begnadeter Orgelimprovisator ist, sondern auch einen Schaffensschwerpunkt auch auf liturgische Komposition setzt. So [&hellip;]<\/p>\n","protected":false},"author":4,"featured_media":989,"comment_status":"closed","ping_status":"closed","sticky":false,"template":"","format":"standard","meta":[],"categories":[6],"tags":[15,26,13,20],"_links":{"self":[{"href":"https:\/\/neustrelitz-evangelisch.de\/index.php\/wp-json\/wp\/v2\/posts\/1026"}],"collection":[{"href":"https:\/\/neustrelitz-evangelisch.de\/index.php\/wp-json\/wp\/v2\/posts"}],"about":[{"href":"https:\/\/neustrelitz-evangelisch.de\/index.php\/wp-json\/wp\/v2\/types\/post"}],"author":[{"embeddable":true,"href":"https:\/\/neustrelitz-evangelisch.de\/index.php\/wp-json\/wp\/v2\/users\/4"}],"replies":[{"embeddable":true,"href":"https:\/\/neustrelitz-evangelisch.de\/index.php\/wp-json\/wp\/v2\/comments?post=1026"}],"version-history":[{"count":7,"href":"https:\/\/neustrelitz-evangelisch.de\/index.php\/wp-json\/wp\/v2\/posts\/1026\/revisions"}],"predecessor-version":[{"id":1039,"href":"https:\/\/neustrelitz-evangelisch.de\/index.php\/wp-json\/wp\/v2\/posts\/1026\/revisions\/1039"}],"wp:featuredmedia":[{"embeddable":true,"href":"https:\/\/neustrelitz-evangelisch.de\/index.php\/wp-json\/wp\/v2\/media\/989"}],"wp:attachment":[{"href":"https:\/\/neustrelitz-evangelisch.de\/index.php\/wp-json\/wp\/v2\/media?parent=1026"}],"wp:term":[{"taxonomy":"category","embeddable":true,"href":"https:\/\/neustrelitz-evangelisch.de\/index.php\/wp-json\/wp\/v2\/categories?post=1026"},{"taxonomy":"post_tag","embeddable":true,"href":"https:\/\/neustrelitz-evangelisch.de\/index.php\/wp-json\/wp\/v2\/tags?post=1026"}],"curies":[{"name":"wp","href":"https:\/\/api.w.org\/{rel}","templated":true}]}}