{"id":1168,"date":"2020-09-24T10:56:19","date_gmt":"2020-09-24T09:56:19","guid":{"rendered":"https:\/\/neustrelitz-evangelisch.de\/?p=1168"},"modified":"2020-11-01T09:56:16","modified_gmt":"2020-11-01T08:56:16","slug":"31-10-2020-stummfilmvorfuehrung-luther-ein-film-der-deutschen-reformation","status":"publish","type":"post","link":"https:\/\/neustrelitz-evangelisch.de\/index.php\/2020\/09\/24\/31-10-2020-stummfilmvorfuehrung-luther-ein-film-der-deutschen-reformation\/","title":{"rendered":"31.10.2020 \u2013 Stummfilmvorf\u00fchrung &#8220;Luther \u2013 Ein Film der deutschen Reformation&#8221;"},"content":{"rendered":"\n<div class=\"wp-block-image\"><figure class=\"alignright size-large is-resized\"><img decoding=\"async\" loading=\"lazy\" src=\"https:\/\/neustrelitz-evangelisch.de\/wp-content\/uploads\/2020\/07\/Lukas-Storch-by-W.-Baganz-722x1024.jpg\" alt=\"\" class=\"wp-image-744\" width=\"228\" height=\"323\" srcset=\"https:\/\/neustrelitz-evangelisch.de\/wp-content\/uploads\/2020\/07\/Lukas-Storch-by-W.-Baganz-722x1024.jpg 722w, https:\/\/neustrelitz-evangelisch.de\/wp-content\/uploads\/2020\/07\/Lukas-Storch-by-W.-Baganz-211x300.jpg 211w, https:\/\/neustrelitz-evangelisch.de\/wp-content\/uploads\/2020\/07\/Lukas-Storch-by-W.-Baganz-768x1090.jpg 768w, https:\/\/neustrelitz-evangelisch.de\/wp-content\/uploads\/2020\/07\/Lukas-Storch-by-W.-Baganz-1082x1536.jpg 1082w, https:\/\/neustrelitz-evangelisch.de\/wp-content\/uploads\/2020\/07\/Lukas-Storch-by-W.-Baganz-1443x2048.jpg 1443w, https:\/\/neustrelitz-evangelisch.de\/wp-content\/uploads\/2020\/07\/Lukas-Storch-by-W.-Baganz-scaled.jpg 1804w\" sizes=\"(max-width: 228px) 100vw, 228px\" \/><figcaption>Lukas Storch<\/figcaption><\/figure><\/div>\n\n\n\n<p>Am diesj\u00e4hrigen Reformationstag, Samstag, der 31.10.2020 wird um 19.30 Uhr in der Stadtkirche Neustrelitz der Stummfilm &#8220;Luther \u2013 Ein Film der deutschen Reformation&#8221; gezeigt. Zum Film improvisiert Lukas Storch live die Filmmusik auf der gro\u00dfen Gr\u00fcneberg-Orgel.<\/p>\n\n\n\n<p>Der Luther-Stummfilm stammt aus dem Jahr 1927 und wurde vom Regisseur Hans Kyser gedreht. Die Erz\u00e4hlung von Luthers Leben ist sehr vom Zeitgeschmack der 20er Jahre inspiriert. Demgegen\u00fcber steht bei dieser Vorf\u00fchrung die zeitgen\u00f6ssische Improvisation der Filmmusik, die eigene Akzente setzt und den Zuschauern so eine zus\u00e4tzliche Perspektive auf die kontroverse Luther-Darstellung erm\u00f6glicht.<\/p>\n\n\n\n<p>Wir danken dem Evangelischen Bund f\u00fcr die Erteilung der Auff\u00fchrungsrechte.<\/p>\n\n\n\n<p>Die Spielzeit betr\u00e4gt 120 Minuten und der Eintritt ist frei, um eine Spende am Ausgang wird gebeten. Bitte achten Sie w\u00e4hrend des Konzertes auf die allgemeinen Corona-Regeln zu Abstand, Niesen und H\u00e4ndedesinfektion. Es besteht die Verpflichtung im Innenraum einen Mund-Nasen-Schutz zu tragen. Bitte beachten Sie au\u00dferdem, dass die Anzahl der BesucherInnen auf maximal 200 Personen begrenzt ist. Wenn die Kirche zu voll wird, darf kein weiterer Einlass erfolgen. Rechtzeitiges Kommen sichert also gute Pl\u00e4tze. Es wird eine Anwesenheitsliste gef\u00fchrt. F\u00fcr einen z\u00fcgigen Einlass bringen Sie bitte m\u00f6glichst einen Zettel mit Ihren Kontaktdaten mit.<\/p>\n","protected":false},"excerpt":{"rendered":"<p>Am diesj\u00e4hrigen Reformationstag, Samstag, der 31.10.2020 wird um 19.30 Uhr in der Stadtkirche Neustrelitz der Stummfilm &#8220;Luther \u2013 Ein Film der deutschen Reformation&#8221; gezeigt. Zum Film improvisiert Lukas Storch live die Filmmusik auf der gro\u00dfen Gr\u00fcneberg-Orgel. Der Luther-Stummfilm stammt aus dem Jahr 1927 und wurde vom Regisseur Hans Kyser gedreht. Die Erz\u00e4hlung von Luthers Leben [&hellip;]<\/p>\n","protected":false},"author":4,"featured_media":520,"comment_status":"closed","ping_status":"closed","sticky":false,"template":"","format":"standard","meta":[],"categories":[6],"tags":[34,35,23,26,20,30],"_links":{"self":[{"href":"https:\/\/neustrelitz-evangelisch.de\/index.php\/wp-json\/wp\/v2\/posts\/1168"}],"collection":[{"href":"https:\/\/neustrelitz-evangelisch.de\/index.php\/wp-json\/wp\/v2\/posts"}],"about":[{"href":"https:\/\/neustrelitz-evangelisch.de\/index.php\/wp-json\/wp\/v2\/types\/post"}],"author":[{"embeddable":true,"href":"https:\/\/neustrelitz-evangelisch.de\/index.php\/wp-json\/wp\/v2\/users\/4"}],"replies":[{"embeddable":true,"href":"https:\/\/neustrelitz-evangelisch.de\/index.php\/wp-json\/wp\/v2\/comments?post=1168"}],"version-history":[{"count":8,"href":"https:\/\/neustrelitz-evangelisch.de\/index.php\/wp-json\/wp\/v2\/posts\/1168\/revisions"}],"predecessor-version":[{"id":1222,"href":"https:\/\/neustrelitz-evangelisch.de\/index.php\/wp-json\/wp\/v2\/posts\/1168\/revisions\/1222"}],"wp:featuredmedia":[{"embeddable":true,"href":"https:\/\/neustrelitz-evangelisch.de\/index.php\/wp-json\/wp\/v2\/media\/520"}],"wp:attachment":[{"href":"https:\/\/neustrelitz-evangelisch.de\/index.php\/wp-json\/wp\/v2\/media?parent=1168"}],"wp:term":[{"taxonomy":"category","embeddable":true,"href":"https:\/\/neustrelitz-evangelisch.de\/index.php\/wp-json\/wp\/v2\/categories?post=1168"},{"taxonomy":"post_tag","embeddable":true,"href":"https:\/\/neustrelitz-evangelisch.de\/index.php\/wp-json\/wp\/v2\/tags?post=1168"}],"curies":[{"name":"wp","href":"https:\/\/api.w.org\/{rel}","templated":true}]}}