{"id":1262,"date":"2020-11-23T12:11:41","date_gmt":"2020-11-23T11:11:41","guid":{"rendered":"https:\/\/neustrelitz-evangelisch.de\/?p=1262"},"modified":"2020-12-14T11:39:40","modified_gmt":"2020-12-14T10:39:40","slug":"9-12-20-orgelandacht-nun-komm-der-heiden-heiland","status":"publish","type":"post","link":"https:\/\/neustrelitz-evangelisch.de\/index.php\/2020\/11\/23\/9-12-20-orgelandacht-nun-komm-der-heiden-heiland\/","title":{"rendered":"9.12.20 \u2013 Orgelandacht &#8220;O Heiland, rei\u00df die Himmel auf&#8221;"},"content":{"rendered":"\n<p>Adventliche Choralbearbeitungen von Johannes Brahms, Robert Jones und Johannes Weyrauch, sowie Texte zum Gesangbuchlied &#8220;O Heiland, rei\u00df die Himmel auf&#8221;<\/p>\n\n\n\n<p>Orgel \u2013 Lukas Storch<br>Liturg \u2013 P. Christoph Feldkamp<\/p>\n\n\n\n<p><strong>Mittwoch, 9.12.2020, 18.15 Uhr, Einlass ab 18 Uhr<\/strong><\/p>\n\n\n\n<p>Bitte achten Sie w\u00e4hrend der Veranstaltung auf die allgemeinen Corona-Regeln zu Abstand, Niesen und H\u00e4ndedesinfektion.&nbsp;Es besteht die Verpflichtung im Innenraum einen Mund-Nasen-Schutz zu tragen.&nbsp;Bitte beachten Sie au\u00dferdem, dass die Anzahl der&nbsp;BesucherInnen&nbsp;begrenzt ist. Wenn die Kirche zu voll wird, darf kein weiterer Einlass erfolgen. Zur Kontaktverfolgung wird eine Anwesenheitsliste gef\u00fchrt. F\u00fcr einen z\u00fcgigen Eintritt bringen Sie bitte m\u00f6glichst einen Zettel mit Ihren Kontaktdaten mit.<\/p>\n","protected":false},"excerpt":{"rendered":"<p>Adventliche Choralbearbeitungen von Johannes Brahms, Robert Jones und Johannes Weyrauch, sowie Texte zum Gesangbuchlied &#8220;O Heiland, rei\u00df die Himmel auf&#8221; Orgel \u2013 Lukas StorchLiturg \u2013 P. Christoph Feldkamp Mittwoch, 9.12.2020, 18.15 Uhr, Einlass ab 18 Uhr Bitte achten Sie w\u00e4hrend der Veranstaltung auf die allgemeinen Corona-Regeln zu Abstand, Niesen und H\u00e4ndedesinfektion.&nbsp;Es besteht die Verpflichtung im [&hellip;]<\/p>\n","protected":false},"author":4,"featured_media":1233,"comment_status":"closed","ping_status":"closed","sticky":false,"template":"","format":"standard","meta":[],"categories":[6],"tags":[39,37,38,34,23],"_links":{"self":[{"href":"https:\/\/neustrelitz-evangelisch.de\/index.php\/wp-json\/wp\/v2\/posts\/1262"}],"collection":[{"href":"https:\/\/neustrelitz-evangelisch.de\/index.php\/wp-json\/wp\/v2\/posts"}],"about":[{"href":"https:\/\/neustrelitz-evangelisch.de\/index.php\/wp-json\/wp\/v2\/types\/post"}],"author":[{"embeddable":true,"href":"https:\/\/neustrelitz-evangelisch.de\/index.php\/wp-json\/wp\/v2\/users\/4"}],"replies":[{"embeddable":true,"href":"https:\/\/neustrelitz-evangelisch.de\/index.php\/wp-json\/wp\/v2\/comments?post=1262"}],"version-history":[{"count":2,"href":"https:\/\/neustrelitz-evangelisch.de\/index.php\/wp-json\/wp\/v2\/posts\/1262\/revisions"}],"predecessor-version":[{"id":1268,"href":"https:\/\/neustrelitz-evangelisch.de\/index.php\/wp-json\/wp\/v2\/posts\/1262\/revisions\/1268"}],"wp:featuredmedia":[{"embeddable":true,"href":"https:\/\/neustrelitz-evangelisch.de\/index.php\/wp-json\/wp\/v2\/media\/1233"}],"wp:attachment":[{"href":"https:\/\/neustrelitz-evangelisch.de\/index.php\/wp-json\/wp\/v2\/media?parent=1262"}],"wp:term":[{"taxonomy":"category","embeddable":true,"href":"https:\/\/neustrelitz-evangelisch.de\/index.php\/wp-json\/wp\/v2\/categories?post=1262"},{"taxonomy":"post_tag","embeddable":true,"href":"https:\/\/neustrelitz-evangelisch.de\/index.php\/wp-json\/wp\/v2\/tags?post=1262"}],"curies":[{"name":"wp","href":"https:\/\/api.w.org\/{rel}","templated":true}]}}