{"id":1782,"date":"2021-08-17T12:48:13","date_gmt":"2021-08-17T11:48:13","guid":{"rendered":"https:\/\/neustrelitz-evangelisch.de\/?p=1782"},"modified":"2021-08-31T15:53:41","modified_gmt":"2021-08-31T14:53:41","slug":"29-8-21-orgelsommer-jauchzet-gott-in-allen-landen","status":"publish","type":"post","link":"https:\/\/neustrelitz-evangelisch.de\/index.php\/2021\/08\/17\/29-8-21-orgelsommer-jauchzet-gott-in-allen-landen\/","title":{"rendered":"29.8.21 \u2013 Orgelsommer \u2013 &#8220;Jauchzet Gott in allen Landen&#8221;"},"content":{"rendered":"\n<h3>Sonntag, 29.8.21 | 17 Uhr | Stadtkirche Neustrelitz<\/h3>\n\n\n\n<figure class=\"wp-block-image size-large\"><img decoding=\"async\" loading=\"lazy\" width=\"807\" height=\"1024\" src=\"https:\/\/neustrelitz-evangelisch.de\/wp-content\/uploads\/2021\/08\/Pressefoto-Suoni-Dorati-\u00a9-Astrid-Junker-807x1024.jpg\" alt=\"\" class=\"wp-image-1783\" srcset=\"https:\/\/neustrelitz-evangelisch.de\/wp-content\/uploads\/2021\/08\/Pressefoto-Suoni-Dorati-\u00a9-Astrid-Junker-807x1024.jpg 807w, https:\/\/neustrelitz-evangelisch.de\/wp-content\/uploads\/2021\/08\/Pressefoto-Suoni-Dorati-\u00a9-Astrid-Junker-236x300.jpg 236w, https:\/\/neustrelitz-evangelisch.de\/wp-content\/uploads\/2021\/08\/Pressefoto-Suoni-Dorati-\u00a9-Astrid-Junker-768x975.jpg 768w, https:\/\/neustrelitz-evangelisch.de\/wp-content\/uploads\/2021\/08\/Pressefoto-Suoni-Dorati-\u00a9-Astrid-Junker.jpg 1036w\" sizes=\"(max-width: 807px) 100vw, 807px\" \/><figcaption>Suoni Dorati (\u00a9 Astrid Junker)<\/figcaption><\/figure>\n\n\n\n<p>Mit goldenen Kl\u00e4ngen wird am 29. August um 17 Uhr in der Stadtkirche in Neustrelitz das Trio SUONI DORATI aufwarten.&nbsp;<\/p>\n\n\n\n<p>SUONI DORATI, zu Deutsch goldene Kl\u00e4nge, wurde 2007 gegr\u00fcndet und setzt sich aus den Musikern&nbsp;<strong>Marleen Mauch (Sopran)<\/strong>,&nbsp;<strong>Hans Jacob (Trompete)<\/strong>&nbsp;und&nbsp;<strong>Marco Lemme (Orgel)<\/strong>&nbsp;zusammen.&nbsp;<\/p>\n\n\n\n<p>Das Ensemble, das vornehmlich in Nord- und Ostdeutschland auftritt und u.a. im Schweriner Dom und der Berliner Matth\u00e4us Kirche konzertiert hat, kann auf ein breites Repertoire von Barock bis Moderne zur\u00fcckgreifen.<\/p>\n\n\n\n<p>Das Programm der diesj\u00e4hrigen Sommertour enth\u00e4lt einen besonderen Hauch englischer Kirchenmusik durch zwei Werke von Charles Villiers Stanford. Stanford wirkte Ende des 19. Jh. als Musikprofessor an der ber\u00fchmten Universit\u00e4t Cambridge und gilt als Erneuerer der englischen Kirchenmusik.&nbsp;<\/p>\n\n\n\n<p>Ein weiterer musikalischer H\u00f6hepunkt wird das ber\u00fchmte Adagio in g-Moll von Tomaso Albinoni\/ Remo Giazotto sein, in welchem Marco Lemme und auch Hans Jacob im wahrsten Sinne des Wortes alle Register ihrer Instrumente ziehen und zum Klingen bringen werden.<\/p>\n\n\n\n<p>Dar\u00fcber hinaus werden Werke von Mozart, Rutter und Mendelssohn gespielt. Durch das abwechslungsreiche Programm f\u00fchren die Musiker selbst.&nbsp;<\/p>\n\n\n\n<p>Der Eintritt zum Konzert ist frei. Wir bitten am Ausgang um eine angemessene Spende zur Deckung der Kosten.<\/p>\n\n\n\n<p><em>Bitte achten Sie w\u00e4hrend der Konzerte auf die allgemeinen Corona-Regeln zu Abstand, Niesen und H\u00e4ndedesinfektion.&nbsp;Es besteht die Auflage eine medizinische oder FFP2-Maske im Innenraum zu tragen.&nbsp;Bitte beachten Sie au\u00dferdem, dass die Anzahl der Konzertbesucher u. U. begrenzt ist.&nbsp;<br>Es wird eine Anwesenheitsliste gef\u00fchrt. F\u00fcr einen z\u00fcgigen Einlass bringen Sie bitte m\u00f6glichst einen Zettel mit Ihren Kontaktdaten mit.<\/em><\/p>\n","protected":false},"excerpt":{"rendered":"<p>Sonntag, 29.8.21 | 17 Uhr | Stadtkirche Neustrelitz Mit goldenen Kl\u00e4ngen wird am 29. August um 17 Uhr in der Stadtkirche in Neustrelitz das Trio SUONI DORATI aufwarten.&nbsp; SUONI DORATI, zu Deutsch goldene Kl\u00e4nge, wurde 2007 gegr\u00fcndet und setzt sich aus den Musikern&nbsp;Marleen Mauch (Sopran),&nbsp;Hans Jacob (Trompete)&nbsp;und&nbsp;Marco Lemme (Orgel)&nbsp;zusammen.&nbsp; Das Ensemble, das vornehmlich in Nord- [&hellip;]<\/p>\n","protected":false},"author":1,"featured_media":1783,"comment_status":"closed","ping_status":"closed","sticky":false,"template":"","format":"standard","meta":[],"categories":[6],"tags":[34,25,23,13,53,52],"_links":{"self":[{"href":"https:\/\/neustrelitz-evangelisch.de\/index.php\/wp-json\/wp\/v2\/posts\/1782"}],"collection":[{"href":"https:\/\/neustrelitz-evangelisch.de\/index.php\/wp-json\/wp\/v2\/posts"}],"about":[{"href":"https:\/\/neustrelitz-evangelisch.de\/index.php\/wp-json\/wp\/v2\/types\/post"}],"author":[{"embeddable":true,"href":"https:\/\/neustrelitz-evangelisch.de\/index.php\/wp-json\/wp\/v2\/users\/1"}],"replies":[{"embeddable":true,"href":"https:\/\/neustrelitz-evangelisch.de\/index.php\/wp-json\/wp\/v2\/comments?post=1782"}],"version-history":[{"count":3,"href":"https:\/\/neustrelitz-evangelisch.de\/index.php\/wp-json\/wp\/v2\/posts\/1782\/revisions"}],"predecessor-version":[{"id":1793,"href":"https:\/\/neustrelitz-evangelisch.de\/index.php\/wp-json\/wp\/v2\/posts\/1782\/revisions\/1793"}],"wp:featuredmedia":[{"embeddable":true,"href":"https:\/\/neustrelitz-evangelisch.de\/index.php\/wp-json\/wp\/v2\/media\/1783"}],"wp:attachment":[{"href":"https:\/\/neustrelitz-evangelisch.de\/index.php\/wp-json\/wp\/v2\/media?parent=1782"}],"wp:term":[{"taxonomy":"category","embeddable":true,"href":"https:\/\/neustrelitz-evangelisch.de\/index.php\/wp-json\/wp\/v2\/categories?post=1782"},{"taxonomy":"post_tag","embeddable":true,"href":"https:\/\/neustrelitz-evangelisch.de\/index.php\/wp-json\/wp\/v2\/tags?post=1782"}],"curies":[{"name":"wp","href":"https:\/\/api.w.org\/{rel}","templated":true}]}}