{"id":1862,"date":"2021-10-14T14:13:04","date_gmt":"2021-10-14T13:13:04","guid":{"rendered":"https:\/\/neustrelitz-evangelisch.de\/?p=1862"},"modified":"2021-11-25T00:08:37","modified_gmt":"2021-11-24T23:08:37","slug":"4-11-21-orgelfuehrung-in-der-stadtkirche","status":"publish","type":"post","link":"https:\/\/neustrelitz-evangelisch.de\/index.php\/2021\/10\/14\/4-11-21-orgelfuehrung-in-der-stadtkirche\/","title":{"rendered":"4.11.21 \u2013 Orgelf\u00fchrung in der Stadtkirche"},"content":{"rendered":"\n<figure class=\"wp-block-image size-large\"><img decoding=\"async\" loading=\"lazy\" width=\"679\" height=\"1024\" src=\"https:\/\/neustrelitz-evangelisch.de\/wp-content\/uploads\/2021\/10\/IMG_9896-Orgelprospekt-679x1024.jpg\" alt=\"\" class=\"wp-image-1863\" srcset=\"https:\/\/neustrelitz-evangelisch.de\/wp-content\/uploads\/2021\/10\/IMG_9896-Orgelprospekt-679x1024.jpg 679w, https:\/\/neustrelitz-evangelisch.de\/wp-content\/uploads\/2021\/10\/IMG_9896-Orgelprospekt-199x300.jpg 199w, https:\/\/neustrelitz-evangelisch.de\/wp-content\/uploads\/2021\/10\/IMG_9896-Orgelprospekt-768x1158.jpg 768w, https:\/\/neustrelitz-evangelisch.de\/wp-content\/uploads\/2021\/10\/IMG_9896-Orgelprospekt-1019x1536.jpg 1019w, https:\/\/neustrelitz-evangelisch.de\/wp-content\/uploads\/2021\/10\/IMG_9896-Orgelprospekt-1358x2048.jpg 1358w, https:\/\/neustrelitz-evangelisch.de\/wp-content\/uploads\/2021\/10\/IMG_9896-Orgelprospekt.jpg 1421w\" sizes=\"(max-width: 679px) 100vw, 679px\" \/><\/figure>\n\n\n\n<p>Zu einer Orgelf\u00fchrung an der gro\u00dfen Gr\u00fcneberg-Orgel l\u00e4dt Kantor Lukas Storch am Donnerstag, dem <strong>4.11.2021<\/strong> um <strong>17 Uhr<\/strong> auf die Orgelempore der Stadtkirche ein.<\/p>\n\n\n\n<p>Die Orgel wird anhand von Klangbeispielen ausf\u00fchrlich vorgestellt und es werden alle Fragen zu Spieltechnik, Orgelbau und Geschichte der Orgel kurzweilig beantwortet.<\/p>\n\n\n\n<p>Der Eintritt zu der Veranstaltung ist frei, eine Spende zur anstehenden Sanierung von Teilen der Orgel wird erbeten. Warme Kleidung wird empfohlen, da die Kirche nicht geheizt ist.<\/p>\n\n\n\n<p>Aufgrund der aktuellen Beschr\u00e4nkungen laut Corona-Landesverordnung ist die Teilnahme an dieser Veranstaltung nur mit tagesaktuellem Negativ-Test oder geimpft\/genesen m\u00f6glich.<\/p>\n\n\n\n<p>Bitte achten Sie auf Abstand, Masken bis zum Platz und Handdesinfektion.<\/p>\n\n\n\n<p><\/p>\n","protected":false},"excerpt":{"rendered":"<p>Zu einer Orgelf\u00fchrung an der gro\u00dfen Gr\u00fcneberg-Orgel l\u00e4dt Kantor Lukas Storch am Donnerstag, dem 4.11.2021 um 17 Uhr auf die Orgelempore der Stadtkirche ein. Die Orgel wird anhand von Klangbeispielen ausf\u00fchrlich vorgestellt und es werden alle Fragen zu Spieltechnik, Orgelbau und Geschichte der Orgel kurzweilig beantwortet. Der Eintritt zu der Veranstaltung ist frei, eine Spende [&hellip;]<\/p>\n","protected":false},"author":4,"featured_media":1863,"comment_status":"closed","ping_status":"closed","sticky":false,"template":"","format":"standard","meta":[],"categories":[6],"tags":[34,23,56,20],"_links":{"self":[{"href":"https:\/\/neustrelitz-evangelisch.de\/index.php\/wp-json\/wp\/v2\/posts\/1862"}],"collection":[{"href":"https:\/\/neustrelitz-evangelisch.de\/index.php\/wp-json\/wp\/v2\/posts"}],"about":[{"href":"https:\/\/neustrelitz-evangelisch.de\/index.php\/wp-json\/wp\/v2\/types\/post"}],"author":[{"embeddable":true,"href":"https:\/\/neustrelitz-evangelisch.de\/index.php\/wp-json\/wp\/v2\/users\/4"}],"replies":[{"embeddable":true,"href":"https:\/\/neustrelitz-evangelisch.de\/index.php\/wp-json\/wp\/v2\/comments?post=1862"}],"version-history":[{"count":3,"href":"https:\/\/neustrelitz-evangelisch.de\/index.php\/wp-json\/wp\/v2\/posts\/1862\/revisions"}],"predecessor-version":[{"id":1877,"href":"https:\/\/neustrelitz-evangelisch.de\/index.php\/wp-json\/wp\/v2\/posts\/1862\/revisions\/1877"}],"wp:featuredmedia":[{"embeddable":true,"href":"https:\/\/neustrelitz-evangelisch.de\/index.php\/wp-json\/wp\/v2\/media\/1863"}],"wp:attachment":[{"href":"https:\/\/neustrelitz-evangelisch.de\/index.php\/wp-json\/wp\/v2\/media?parent=1862"}],"wp:term":[{"taxonomy":"category","embeddable":true,"href":"https:\/\/neustrelitz-evangelisch.de\/index.php\/wp-json\/wp\/v2\/categories?post=1862"},{"taxonomy":"post_tag","embeddable":true,"href":"https:\/\/neustrelitz-evangelisch.de\/index.php\/wp-json\/wp\/v2\/tags?post=1862"}],"curies":[{"name":"wp","href":"https:\/\/api.w.org\/{rel}","templated":true}]}}