{"id":1962,"date":"2021-12-17T21:56:01","date_gmt":"2021-12-17T20:56:01","guid":{"rendered":"https:\/\/neustrelitz-evangelisch.de\/?p=1962"},"modified":"2022-05-02T09:29:43","modified_gmt":"2022-05-02T08:29:43","slug":"bilder-krippenspiel-in-kiefernheide","status":"publish","type":"post","link":"https:\/\/neustrelitz-evangelisch.de\/index.php\/2021\/12\/17\/bilder-krippenspiel-in-kiefernheide\/","title":{"rendered":"Bilder-Krippenspiel in Kiefernheide"},"content":{"rendered":"\n<p>Link zum Krippenspiel: <a rel=\"noreferrer noopener\" href=\"https:\/\/www.youtube.com\/watch?v=K---1Z209wA\" target=\"_blank\">https:\/\/www.youtube.com\/watch?v=K&#8212;1Z209wA<\/a><\/p>\n\n\n\n<p>An zwei Mittwochnachmittagen wurden in kleinen Gruppen Ton- und Bildaufnahmen des geplanten Krippenspiels mit den Christenlehrekindern gemacht. Nun k\u00f6nnen wir die Weihnachtsgeschichte immerhin auf diese Weise erleben. Wie sch\u00f6n! \ud83d\ude42<\/p>\n\n\n\n<p><strong>Vielen Dank allen Mitwirkenden f\u00fcr dieses tolle Weihnachtsgeschenk an uns.<\/strong><\/p>\n\n\n\n<p>Am Sonntag, den 4. Advent, haben wir uns das Krippenspiel drau\u00dfen vor der Kirche Kiefernheide auf gro\u00dfer Leinwand bereits anschauen k\u00f6nnen. Der Nieselregen hat (fast) gar nicht gest\u00f6rt.  \ud83d\ude09<\/p>\n\n\n\n<figure class=\"wp-block-image size-large\"><img decoding=\"async\" loading=\"lazy\" width=\"1024\" height=\"498\" src=\"https:\/\/neustrelitz-evangelisch.de\/wp-content\/uploads\/2021\/12\/4.-Advent-2021-1024x498.jpg\" alt=\"\" class=\"wp-image-1969\" srcset=\"https:\/\/neustrelitz-evangelisch.de\/wp-content\/uploads\/2021\/12\/4.-Advent-2021-1024x498.jpg 1024w, https:\/\/neustrelitz-evangelisch.de\/wp-content\/uploads\/2021\/12\/4.-Advent-2021-300x146.jpg 300w, https:\/\/neustrelitz-evangelisch.de\/wp-content\/uploads\/2021\/12\/4.-Advent-2021-768x373.jpg 768w, https:\/\/neustrelitz-evangelisch.de\/wp-content\/uploads\/2021\/12\/4.-Advent-2021-1536x747.jpg 1536w, https:\/\/neustrelitz-evangelisch.de\/wp-content\/uploads\/2021\/12\/4.-Advent-2021-2048x996.jpg 2048w\" sizes=\"(max-width: 1024px) 100vw, 1024px\" \/><figcaption>4. Advent Andacht vor der Kirche Kiefernheide (erster Durchgang um 14:00 Uhr)<\/figcaption><\/figure>\n\n\n\n<figure class=\"wp-block-image size-large\"><img decoding=\"async\" loading=\"lazy\" width=\"458\" height=\"1024\" src=\"https:\/\/neustrelitz-evangelisch.de\/wp-content\/uploads\/2021\/12\/4.-Advent-2021-Leinwand-458x1024.jpg\" alt=\"\" class=\"wp-image-1970\" srcset=\"https:\/\/neustrelitz-evangelisch.de\/wp-content\/uploads\/2021\/12\/4.-Advent-2021-Leinwand-458x1024.jpg 458w, https:\/\/neustrelitz-evangelisch.de\/wp-content\/uploads\/2021\/12\/4.-Advent-2021-Leinwand-134x300.jpg 134w, https:\/\/neustrelitz-evangelisch.de\/wp-content\/uploads\/2021\/12\/4.-Advent-2021-Leinwand-768x1719.jpg 768w, https:\/\/neustrelitz-evangelisch.de\/wp-content\/uploads\/2021\/12\/4.-Advent-2021-Leinwand-686x1536.jpg 686w, https:\/\/neustrelitz-evangelisch.de\/wp-content\/uploads\/2021\/12\/4.-Advent-2021-Leinwand-915x2048.jpg 915w, https:\/\/neustrelitz-evangelisch.de\/wp-content\/uploads\/2021\/12\/4.-Advent-2021-Leinwand-scaled.jpg 1144w\" sizes=\"(max-width: 458px) 100vw, 458px\" \/><figcaption>&#8220;F\u00fcrchtet euch nicht!&#8221;<\/figcaption><\/figure>\n","protected":false},"excerpt":{"rendered":"<p>Link zum Krippenspiel: https:\/\/www.youtube.com\/watch?v=K&#8212;1Z209wA An zwei Mittwochnachmittagen wurden in kleinen Gruppen Ton- und Bildaufnahmen des geplanten Krippenspiels mit den Christenlehrekindern gemacht. Nun k\u00f6nnen wir die Weihnachtsgeschichte immerhin auf diese Weise erleben. Wie sch\u00f6n! \ud83d\ude42 Vielen Dank allen Mitwirkenden f\u00fcr dieses tolle Weihnachtsgeschenk an uns. Am Sonntag, den 4. Advent, haben wir uns das Krippenspiel drau\u00dfen [&hellip;]<\/p>\n","protected":false},"author":3,"featured_media":0,"comment_status":"closed","ping_status":"closed","sticky":false,"template":"","format":"standard","meta":[],"categories":[6],"tags":[],"_links":{"self":[{"href":"https:\/\/neustrelitz-evangelisch.de\/index.php\/wp-json\/wp\/v2\/posts\/1962"}],"collection":[{"href":"https:\/\/neustrelitz-evangelisch.de\/index.php\/wp-json\/wp\/v2\/posts"}],"about":[{"href":"https:\/\/neustrelitz-evangelisch.de\/index.php\/wp-json\/wp\/v2\/types\/post"}],"author":[{"embeddable":true,"href":"https:\/\/neustrelitz-evangelisch.de\/index.php\/wp-json\/wp\/v2\/users\/3"}],"replies":[{"embeddable":true,"href":"https:\/\/neustrelitz-evangelisch.de\/index.php\/wp-json\/wp\/v2\/comments?post=1962"}],"version-history":[{"count":4,"href":"https:\/\/neustrelitz-evangelisch.de\/index.php\/wp-json\/wp\/v2\/posts\/1962\/revisions"}],"predecessor-version":[{"id":1971,"href":"https:\/\/neustrelitz-evangelisch.de\/index.php\/wp-json\/wp\/v2\/posts\/1962\/revisions\/1971"}],"wp:attachment":[{"href":"https:\/\/neustrelitz-evangelisch.de\/index.php\/wp-json\/wp\/v2\/media?parent=1962"}],"wp:term":[{"taxonomy":"category","embeddable":true,"href":"https:\/\/neustrelitz-evangelisch.de\/index.php\/wp-json\/wp\/v2\/categories?post=1962"},{"taxonomy":"post_tag","embeddable":true,"href":"https:\/\/neustrelitz-evangelisch.de\/index.php\/wp-json\/wp\/v2\/tags?post=1962"}],"curies":[{"name":"wp","href":"https:\/\/api.w.org\/{rel}","templated":true}]}}