{"id":2070,"date":"2022-06-06T22:57:35","date_gmt":"2022-06-06T21:57:35","guid":{"rendered":"https:\/\/neustrelitz-evangelisch.de\/?p=2070"},"modified":"2022-10-11T16:12:52","modified_gmt":"2022-10-11T15:12:52","slug":"gottesdienste-im-juni","status":"publish","type":"post","link":"https:\/\/neustrelitz-evangelisch.de\/index.php\/2022\/06\/06\/gottesdienste-im-juni\/","title":{"rendered":"Gottesdienste im Juni"},"content":{"rendered":"\n<p>Samstag, 11. Juni<\/p>\n\n\n\n<figure class=\"wp-block-table\"><table><tbody><tr><td>9:30 Uhr<\/td><td>Kirche Kiefernheide &#8211; Taufgottesdienst &#8211; Pn. Rosenow<\/td><\/tr><\/tbody><\/table><\/figure>\n\n\n\n<p>Sonntag, 12. Juni &#8211; Trinitatis<\/p>\n\n\n\n<figure class=\"wp-block-table\"><table><tbody><tr><td>9:00 Uhr<\/td><td>Kirche Alt Strelitz &#8211; Gottesdienst mit Abendmahl &#8211; P. Feldkamp<\/td><\/tr><tr><td>10:30 Uhr<\/td><td>Stadtkirche &#8211; Themengottesdienst f\u00fcr Familien mit Kindergottesdienst und Abendmahl &#8220;Reich beschenkt?&#8221; &#8211; P. Feldkamp<\/td><\/tr><tr><td>14:30 Uhr<\/td><td>Kirche Zierke &#8211; Gottesdienst &#8211; P. Feldkamp<\/td><\/tr><\/tbody><\/table><\/figure>\n\n\n\n<p>Sonntag, 19. Juni &#8211; 1. Sonntag nach Trinitatis<\/p>\n\n\n\n<figure class=\"wp-block-table\"><table><tbody><tr><td>9:00 Uhr<\/td><td>Kirche Alt Strelitz &#8211; Gottesdienst &#8211; Pn. Seidel<\/td><\/tr><tr><td>10:30 Uhr<\/td><td>Stadtkirche &#8211; Gottesdienst &#8211; Pn. Seidel<\/td><\/tr><tr><td>14:00 Uhr<\/td><td>Kirche Wokuhl &#8211; Pn. Seidel<\/td><\/tr><tr><td>14:00 Uhr<\/td><td>Kirche Kratzeburg &#8211; Gottesdienst zur Einf\u00fchrung von Pr\u00e4dikant Pietschmann mit Kaffeetrinken &#8211; Pr\u00f6pstin Carstensen, Pr\u00e4d. Pietschmann<\/td><\/tr><\/tbody><\/table><\/figure>\n\n\n\n<p>Sonntag, 26. Juni &#8211; 2. Sonntag nach Trinitatis<\/p>\n\n\n\n<figure class=\"wp-block-table\"><table><tbody><tr><td>11:00 Uhr<\/td><td>Gottesdienst zum Gemeindefest mit Taufe &#8211; Kluger See in Klein Trebbow &#8211; mit anschlie\u00dfendem Essen (selbst mitgebrachtes Picknick), Kulturprogramm und Bastelangeboten f\u00fcr Kinder &#8211; Pn. Seidel, P. Feldkamp, Gem-p\u00e4d. Hofmann<\/td><\/tr><\/tbody><\/table><\/figure>\n","protected":false},"excerpt":{"rendered":"<p>Samstag, 11. Juni 9:30 Uhr Kirche Kiefernheide &#8211; Taufgottesdienst &#8211; Pn. Rosenow Sonntag, 12. Juni &#8211; Trinitatis 9:00 Uhr Kirche Alt Strelitz &#8211; Gottesdienst mit Abendmahl &#8211; P. Feldkamp 10:30 Uhr Stadtkirche &#8211; Themengottesdienst f\u00fcr Familien mit Kindergottesdienst und Abendmahl &#8220;Reich beschenkt?&#8221; &#8211; P. Feldkamp 14:30 Uhr Kirche Zierke &#8211; Gottesdienst &#8211; P. Feldkamp Sonntag, [&hellip;]<\/p>\n","protected":false},"author":2,"featured_media":0,"comment_status":"closed","ping_status":"closed","sticky":false,"template":"","format":"standard","meta":[],"categories":[6],"tags":[],"_links":{"self":[{"href":"https:\/\/neustrelitz-evangelisch.de\/index.php\/wp-json\/wp\/v2\/posts\/2070"}],"collection":[{"href":"https:\/\/neustrelitz-evangelisch.de\/index.php\/wp-json\/wp\/v2\/posts"}],"about":[{"href":"https:\/\/neustrelitz-evangelisch.de\/index.php\/wp-json\/wp\/v2\/types\/post"}],"author":[{"embeddable":true,"href":"https:\/\/neustrelitz-evangelisch.de\/index.php\/wp-json\/wp\/v2\/users\/2"}],"replies":[{"embeddable":true,"href":"https:\/\/neustrelitz-evangelisch.de\/index.php\/wp-json\/wp\/v2\/comments?post=2070"}],"version-history":[{"count":1,"href":"https:\/\/neustrelitz-evangelisch.de\/index.php\/wp-json\/wp\/v2\/posts\/2070\/revisions"}],"predecessor-version":[{"id":2071,"href":"https:\/\/neustrelitz-evangelisch.de\/index.php\/wp-json\/wp\/v2\/posts\/2070\/revisions\/2071"}],"wp:attachment":[{"href":"https:\/\/neustrelitz-evangelisch.de\/index.php\/wp-json\/wp\/v2\/media?parent=2070"}],"wp:term":[{"taxonomy":"category","embeddable":true,"href":"https:\/\/neustrelitz-evangelisch.de\/index.php\/wp-json\/wp\/v2\/categories?post=2070"},{"taxonomy":"post_tag","embeddable":true,"href":"https:\/\/neustrelitz-evangelisch.de\/index.php\/wp-json\/wp\/v2\/tags?post=2070"}],"curies":[{"name":"wp","href":"https:\/\/api.w.org\/{rel}","templated":true}]}}