{"id":2464,"date":"2023-06-01T23:09:37","date_gmt":"2023-06-01T22:09:37","guid":{"rendered":"https:\/\/neustrelitz-evangelisch.de\/?p=2464"},"modified":"2023-07-26T10:11:57","modified_gmt":"2023-07-26T09:11:57","slug":"16-juli-2023-orgelsommer-iii-expression-barock-trifft-romantik","status":"publish","type":"post","link":"https:\/\/neustrelitz-evangelisch.de\/index.php\/2023\/06\/01\/16-juli-2023-orgelsommer-iii-expression-barock-trifft-romantik\/","title":{"rendered":"23. Juli 2023 \u2013 ORGELSOMMER III \u2013 EXPRESSION: BAROCK TRIFFT ROMANTIK"},"content":{"rendered":"\n<p><strong>Sonntag, 23. Juli 2023, 17 Uhr, Stadtkirche Neustrelitz<\/strong><\/p>\n\n\n\n<p>Konzert f\u00fcr Orgel und Trompete<\/p>\n\n\n\n<p>Werke von Berlin, Homilius, H\u00e4gg, K\u00f6rling, Rheinberger, Richter und Pech<\/p>\n\n\n\n<figure class=\"wp-block-image size-large\"><img decoding=\"async\" loading=\"lazy\" width=\"1024\" height=\"683\" src=\"https:\/\/neustrelitz-evangelisch.de\/wp-content\/uploads\/2023\/06\/BILD-4.3-\u2013-Komischke-Pech-\u00a9-Ansgar-Friske-1024x683.jpeg\" alt=\"\" class=\"wp-image-2465\" srcset=\"https:\/\/neustrelitz-evangelisch.de\/wp-content\/uploads\/2023\/06\/BILD-4.3-\u2013-Komischke-Pech-\u00a9-Ansgar-Friske-1024x683.jpeg 1024w, https:\/\/neustrelitz-evangelisch.de\/wp-content\/uploads\/2023\/06\/BILD-4.3-\u2013-Komischke-Pech-\u00a9-Ansgar-Friske-300x200.jpeg 300w, https:\/\/neustrelitz-evangelisch.de\/wp-content\/uploads\/2023\/06\/BILD-4.3-\u2013-Komischke-Pech-\u00a9-Ansgar-Friske-768x512.jpeg 768w, https:\/\/neustrelitz-evangelisch.de\/wp-content\/uploads\/2023\/06\/BILD-4.3-\u2013-Komischke-Pech-\u00a9-Ansgar-Friske-1536x1024.jpeg 1536w, https:\/\/neustrelitz-evangelisch.de\/wp-content\/uploads\/2023\/06\/BILD-4.3-\u2013-Komischke-Pech-\u00a9-Ansgar-Friske-2048x1365.jpeg 2048w\" sizes=\"(max-width: 1024px) 100vw, 1024px\" \/><figcaption class=\"wp-element-caption\"> Uwe Komischke &amp; Torsten Pech (\u00a9 Ansgar Fricke)<\/figcaption><\/figure>\n\n\n\n<p>Uwe Komischke \u2013 Trompete<br>Thorsten Pech \u2013 Orgel<\/p>\n","protected":false},"excerpt":{"rendered":"<p>Sonntag, 23. Juli 2023, 17 Uhr, Stadtkirche Neustrelitz Konzert f\u00fcr Orgel und Trompete Werke von Berlin, Homilius, H\u00e4gg, K\u00f6rling, Rheinberger, Richter und Pech Uwe Komischke \u2013 TrompeteThorsten Pech \u2013 Orgel<\/p>\n","protected":false},"author":1,"featured_media":2465,"comment_status":"closed","ping_status":"closed","sticky":false,"template":"","format":"standard","meta":[],"categories":[6],"tags":[34,15,25,13,79],"_links":{"self":[{"href":"https:\/\/neustrelitz-evangelisch.de\/index.php\/wp-json\/wp\/v2\/posts\/2464"}],"collection":[{"href":"https:\/\/neustrelitz-evangelisch.de\/index.php\/wp-json\/wp\/v2\/posts"}],"about":[{"href":"https:\/\/neustrelitz-evangelisch.de\/index.php\/wp-json\/wp\/v2\/types\/post"}],"author":[{"embeddable":true,"href":"https:\/\/neustrelitz-evangelisch.de\/index.php\/wp-json\/wp\/v2\/users\/1"}],"replies":[{"embeddable":true,"href":"https:\/\/neustrelitz-evangelisch.de\/index.php\/wp-json\/wp\/v2\/comments?post=2464"}],"version-history":[{"count":2,"href":"https:\/\/neustrelitz-evangelisch.de\/index.php\/wp-json\/wp\/v2\/posts\/2464\/revisions"}],"predecessor-version":[{"id":2536,"href":"https:\/\/neustrelitz-evangelisch.de\/index.php\/wp-json\/wp\/v2\/posts\/2464\/revisions\/2536"}],"wp:featuredmedia":[{"embeddable":true,"href":"https:\/\/neustrelitz-evangelisch.de\/index.php\/wp-json\/wp\/v2\/media\/2465"}],"wp:attachment":[{"href":"https:\/\/neustrelitz-evangelisch.de\/index.php\/wp-json\/wp\/v2\/media?parent=2464"}],"wp:term":[{"taxonomy":"category","embeddable":true,"href":"https:\/\/neustrelitz-evangelisch.de\/index.php\/wp-json\/wp\/v2\/categories?post=2464"},{"taxonomy":"post_tag","embeddable":true,"href":"https:\/\/neustrelitz-evangelisch.de\/index.php\/wp-json\/wp\/v2\/tags?post=2464"}],"curies":[{"name":"wp","href":"https:\/\/api.w.org\/{rel}","templated":true}]}}