{"id":2604,"date":"2023-08-28T11:26:14","date_gmt":"2023-08-28T10:26:14","guid":{"rendered":"https:\/\/neustrelitz-evangelisch.de\/?p=2604"},"modified":"2024-03-11T08:21:19","modified_gmt":"2024-03-11T07:21:19","slug":"familienflohmarkt-in-kiefernheide","status":"publish","type":"post","link":"https:\/\/neustrelitz-evangelisch.de\/index.php\/2023\/08\/28\/familienflohmarkt-in-kiefernheide\/","title":{"rendered":"Familienflohmarkt in Kiefernheide"},"content":{"rendered":"\n<p><strong>Wann? <\/strong> Am Samstag, 2. Sept. 2023 von 9:30 Uhr bis 14:00 Uhr<\/p>\n\n\n\n<p><strong>Wo?<\/strong> Au\u00dfengel\u00e4nde der Ev. Kirche Kiefernheide\/ Kita Kien\u00e4ppel (Zugang \u00fcber Goethestra\u00dfe 25)<\/p>\n\n\n\n<p><\/p>\n\n\n\n<p>Herzliche Einladung zum Herumst\u00f6bern und Entdecken auf unserem Familien-Flohmarkt.<\/p>\n\n\n\n<p>Alle zur Verf\u00fcgung stehenden Standpl\u00e4tze sind vergeben, so dass eine sch\u00f6ne Angebotsauswahl zu erwarten ist. <\/p>\n\n\n\n<p>Vor Ort gibt es auch einen Kuchen\/ Kaffee\/ Saft- Stand. <\/p>\n\n\n\n<p><\/p>\n\n\n\n<p>Wir hoffen auf gutes Wetter. Bei starkem Regen muss der Flohmarkt leider ausfallen. (Ganz aktuelle Infos dazu gibt es gegebenenfalls \u00fcber unseren Channel bei der Ppush-App &#8230; Siehe unten QR-Code)<\/p>\n\n\n\n<figure class=\"wp-block-image size-large\"><img decoding=\"async\" loading=\"lazy\" width=\"1024\" height=\"1024\" src=\"https:\/\/neustrelitz-evangelisch.de\/wp-content\/uploads\/2023\/08\/QR-Code-Ev.-Kirche-Kiefernheide-und-Kratzeburg-1024x1024.png\" alt=\"\" class=\"wp-image-2605\" srcset=\"https:\/\/neustrelitz-evangelisch.de\/wp-content\/uploads\/2023\/08\/QR-Code-Ev.-Kirche-Kiefernheide-und-Kratzeburg-1024x1024.png 1024w, https:\/\/neustrelitz-evangelisch.de\/wp-content\/uploads\/2023\/08\/QR-Code-Ev.-Kirche-Kiefernheide-und-Kratzeburg-300x300.png 300w, https:\/\/neustrelitz-evangelisch.de\/wp-content\/uploads\/2023\/08\/QR-Code-Ev.-Kirche-Kiefernheide-und-Kratzeburg-150x150.png 150w, https:\/\/neustrelitz-evangelisch.de\/wp-content\/uploads\/2023\/08\/QR-Code-Ev.-Kirche-Kiefernheide-und-Kratzeburg-768x768.png 768w, https:\/\/neustrelitz-evangelisch.de\/wp-content\/uploads\/2023\/08\/QR-Code-Ev.-Kirche-Kiefernheide-und-Kratzeburg.png 1155w\" sizes=\"(max-width: 1024px) 100vw, 1024px\" \/><\/figure>\n\n\n\n<figure class=\"wp-block-image size-large\"><img decoding=\"async\" loading=\"lazy\" width=\"748\" height=\"1024\" src=\"https:\/\/neustrelitz-evangelisch.de\/wp-content\/uploads\/2023\/08\/Familienflohmarkt-748x1024.jpg\" alt=\"\" class=\"wp-image-2606\" srcset=\"https:\/\/neustrelitz-evangelisch.de\/wp-content\/uploads\/2023\/08\/Familienflohmarkt-748x1024.jpg 748w, https:\/\/neustrelitz-evangelisch.de\/wp-content\/uploads\/2023\/08\/Familienflohmarkt-219x300.jpg 219w, https:\/\/neustrelitz-evangelisch.de\/wp-content\/uploads\/2023\/08\/Familienflohmarkt-768x1051.jpg 768w, https:\/\/neustrelitz-evangelisch.de\/wp-content\/uploads\/2023\/08\/Familienflohmarkt-1122x1536.jpg 1122w, https:\/\/neustrelitz-evangelisch.de\/wp-content\/uploads\/2023\/08\/Familienflohmarkt-1496x2048.jpg 1496w, https:\/\/neustrelitz-evangelisch.de\/wp-content\/uploads\/2023\/08\/Familienflohmarkt-scaled.jpg 1870w\" sizes=\"(max-width: 748px) 100vw, 748px\" \/><\/figure>\n","protected":false},"excerpt":{"rendered":"<p>Wann? Am Samstag, 2. Sept. 2023 von 9:30 Uhr bis 14:00 Uhr Wo? Au\u00dfengel\u00e4nde der Ev. Kirche Kiefernheide\/ Kita Kien\u00e4ppel (Zugang \u00fcber Goethestra\u00dfe 25) Herzliche Einladung zum Herumst\u00f6bern und Entdecken auf unserem Familien-Flohmarkt. Alle zur Verf\u00fcgung stehenden Standpl\u00e4tze sind vergeben, so dass eine sch\u00f6ne Angebotsauswahl zu erwarten ist. Vor Ort gibt es auch einen Kuchen\/ [&hellip;]<\/p>\n","protected":false},"author":3,"featured_media":2606,"comment_status":"closed","ping_status":"closed","sticky":false,"template":"","format":"standard","meta":[],"categories":[6],"tags":[],"_links":{"self":[{"href":"https:\/\/neustrelitz-evangelisch.de\/index.php\/wp-json\/wp\/v2\/posts\/2604"}],"collection":[{"href":"https:\/\/neustrelitz-evangelisch.de\/index.php\/wp-json\/wp\/v2\/posts"}],"about":[{"href":"https:\/\/neustrelitz-evangelisch.de\/index.php\/wp-json\/wp\/v2\/types\/post"}],"author":[{"embeddable":true,"href":"https:\/\/neustrelitz-evangelisch.de\/index.php\/wp-json\/wp\/v2\/users\/3"}],"replies":[{"embeddable":true,"href":"https:\/\/neustrelitz-evangelisch.de\/index.php\/wp-json\/wp\/v2\/comments?post=2604"}],"version-history":[{"count":1,"href":"https:\/\/neustrelitz-evangelisch.de\/index.php\/wp-json\/wp\/v2\/posts\/2604\/revisions"}],"predecessor-version":[{"id":2607,"href":"https:\/\/neustrelitz-evangelisch.de\/index.php\/wp-json\/wp\/v2\/posts\/2604\/revisions\/2607"}],"wp:featuredmedia":[{"embeddable":true,"href":"https:\/\/neustrelitz-evangelisch.de\/index.php\/wp-json\/wp\/v2\/media\/2606"}],"wp:attachment":[{"href":"https:\/\/neustrelitz-evangelisch.de\/index.php\/wp-json\/wp\/v2\/media?parent=2604"}],"wp:term":[{"taxonomy":"category","embeddable":true,"href":"https:\/\/neustrelitz-evangelisch.de\/index.php\/wp-json\/wp\/v2\/categories?post=2604"},{"taxonomy":"post_tag","embeddable":true,"href":"https:\/\/neustrelitz-evangelisch.de\/index.php\/wp-json\/wp\/v2\/tags?post=2604"}],"curies":[{"name":"wp","href":"https:\/\/api.w.org\/{rel}","templated":true}]}}