{"id":2635,"date":"2023-10-24T10:02:10","date_gmt":"2023-10-24T09:02:10","guid":{"rendered":"https:\/\/neustrelitz-evangelisch.de\/?p=2635"},"modified":"2024-03-11T08:21:00","modified_gmt":"2024-03-11T07:21:00","slug":"02-januar-2024-neujahrskonzert","status":"publish","type":"post","link":"https:\/\/neustrelitz-evangelisch.de\/index.php\/2023\/10\/24\/02-januar-2024-neujahrskonzert\/","title":{"rendered":"02. Januar 2024 \u2013 NEUJAHRSKONZERT"},"content":{"rendered":"\n<p>mit dem Schweriner Blechbl\u00e4ser-Collegium<\/p>\n\n\n\n<p><strong>Dienstag, 2.1.24, 17 Uhr, Stadtkirche Neustrelitz<\/strong><\/p>\n\n\n\n<p>Festliche Musik&nbsp;f\u00fcr Blechbl\u00e4ser und Orgel zum Jahresbeginn mit dem Schweriner Blechbl\u00e4ser-Collegium und Lukas Storch (Orgel).<\/p>\n\n\n\n<p>Eintritt frei, um eine Spende am Ausgang wird gebeten.<\/p>\n\n\n\n<p><em>Die Stadtkirche ist nicht geheizt, eine Sitzheizung ist aber vorhanden.<br>Bitte ziehen Sie sich dennoch warm genug an!<\/em><\/p>\n\n\n\n<div style=\"height:12px\" aria-hidden=\"true\" class=\"wp-block-spacer\"><\/div>\n\n\n\n<figure class=\"wp-block-image size-large is-resized\"><img decoding=\"async\" loading=\"lazy\" src=\"https:\/\/neustrelitz-evangelisch.de\/wp-content\/uploads\/2023\/10\/Schwerin-Blechblaeser-Collegium-\u00a9privat-1024x788.jpg\" alt=\"\" class=\"wp-image-2636\" width=\"840\" height=\"646\" srcset=\"https:\/\/neustrelitz-evangelisch.de\/wp-content\/uploads\/2023\/10\/Schwerin-Blechblaeser-Collegium-\u00a9privat-1024x788.jpg 1024w, https:\/\/neustrelitz-evangelisch.de\/wp-content\/uploads\/2023\/10\/Schwerin-Blechblaeser-Collegium-\u00a9privat-300x231.jpg 300w, https:\/\/neustrelitz-evangelisch.de\/wp-content\/uploads\/2023\/10\/Schwerin-Blechblaeser-Collegium-\u00a9privat-768x591.jpg 768w, https:\/\/neustrelitz-evangelisch.de\/wp-content\/uploads\/2023\/10\/Schwerin-Blechblaeser-Collegium-\u00a9privat-1536x1182.jpg 1536w, https:\/\/neustrelitz-evangelisch.de\/wp-content\/uploads\/2023\/10\/Schwerin-Blechblaeser-Collegium-\u00a9privat-2048x1576.jpg 2048w\" sizes=\"(max-width: 840px) 100vw, 840px\" \/><figcaption class=\"wp-element-caption\">Schweriner Blechbl\u00e4ser-Collegium<\/figcaption><\/figure>\n","protected":false},"excerpt":{"rendered":"<p>mit dem Schweriner Blechbl\u00e4ser-Collegium Dienstag, 2.1.24, 17 Uhr, Stadtkirche Neustrelitz Festliche Musik&nbsp;f\u00fcr Blechbl\u00e4ser und Orgel zum Jahresbeginn mit dem Schweriner Blechbl\u00e4ser-Collegium und Lukas Storch (Orgel). Eintritt frei, um eine Spende am Ausgang wird gebeten. Die Stadtkirche ist nicht geheizt, eine Sitzheizung ist aber vorhanden.Bitte ziehen Sie sich dennoch warm genug an!<\/p>\n","protected":false},"author":1,"featured_media":2671,"comment_status":"closed","ping_status":"closed","sticky":false,"template":"","format":"standard","meta":[],"categories":[6],"tags":[95,96,34,15,23,20],"_links":{"self":[{"href":"https:\/\/neustrelitz-evangelisch.de\/index.php\/wp-json\/wp\/v2\/posts\/2635"}],"collection":[{"href":"https:\/\/neustrelitz-evangelisch.de\/index.php\/wp-json\/wp\/v2\/posts"}],"about":[{"href":"https:\/\/neustrelitz-evangelisch.de\/index.php\/wp-json\/wp\/v2\/types\/post"}],"author":[{"embeddable":true,"href":"https:\/\/neustrelitz-evangelisch.de\/index.php\/wp-json\/wp\/v2\/users\/1"}],"replies":[{"embeddable":true,"href":"https:\/\/neustrelitz-evangelisch.de\/index.php\/wp-json\/wp\/v2\/comments?post=2635"}],"version-history":[{"count":5,"href":"https:\/\/neustrelitz-evangelisch.de\/index.php\/wp-json\/wp\/v2\/posts\/2635\/revisions"}],"predecessor-version":[{"id":2677,"href":"https:\/\/neustrelitz-evangelisch.de\/index.php\/wp-json\/wp\/v2\/posts\/2635\/revisions\/2677"}],"wp:featuredmedia":[{"embeddable":true,"href":"https:\/\/neustrelitz-evangelisch.de\/index.php\/wp-json\/wp\/v2\/media\/2671"}],"wp:attachment":[{"href":"https:\/\/neustrelitz-evangelisch.de\/index.php\/wp-json\/wp\/v2\/media?parent=2635"}],"wp:term":[{"taxonomy":"category","embeddable":true,"href":"https:\/\/neustrelitz-evangelisch.de\/index.php\/wp-json\/wp\/v2\/categories?post=2635"},{"taxonomy":"post_tag","embeddable":true,"href":"https:\/\/neustrelitz-evangelisch.de\/index.php\/wp-json\/wp\/v2\/tags?post=2635"}],"curies":[{"name":"wp","href":"https:\/\/api.w.org\/{rel}","templated":true}]}}