{"id":2802,"date":"2024-06-12T11:33:17","date_gmt":"2024-06-12T10:33:17","guid":{"rendered":"https:\/\/neustrelitz-evangelisch.de\/?p=2802"},"modified":"2024-08-26T13:25:03","modified_gmt":"2024-08-26T12:25:03","slug":"so-28-juli-orgelsommer-iv-barock-en-suite","status":"publish","type":"post","link":"https:\/\/neustrelitz-evangelisch.de\/index.php\/2024\/06\/12\/so-28-juli-orgelsommer-iv-barock-en-suite\/","title":{"rendered":"So.,\u00a028. Juli ORGELSOMMER IV: BAROCK EN SUITE!"},"content":{"rendered":"\n<p>28. Juli 2024, 17 Uhr, Stadtkirche Neustrelitz<\/p>\n\n\n\n<p>Musik der H\u00f6fe und Residenzen Europas: Ouvert\u00fcren, Suiten und Sonaten f\u00fcr Oboen, Fagott und Percussion<\/p>\n\n\n\n<p><em>Leipziger Oboenband:<\/em><br><em>Luise Haugk und Markus M\u00fcller \u2013 Oboe<\/em><br><em>Norbert Kaschel \u2013 Taille<\/em><br><em>Stefan Pantzier \u2013 Fagott<\/em><br><em>Ivo Nitschke \u2013 Schlagwerk<\/em><\/p>\n\n\n\n<figure class=\"wp-block-image size-full\"><a href=\"https:\/\/neustrelitz-evangelisch.de\/wp-content\/uploads\/2024\/06\/Leipziger-Oboenband-\u00a9-Martin-Jehnichen.jpeg\"><img decoding=\"async\" loading=\"lazy\" width=\"640\" height=\"427\" src=\"https:\/\/neustrelitz-evangelisch.de\/wp-content\/uploads\/2024\/06\/Leipziger-Oboenband-\u00a9-Martin-Jehnichen.jpeg\" alt=\"\" class=\"wp-image-2803\" srcset=\"https:\/\/neustrelitz-evangelisch.de\/wp-content\/uploads\/2024\/06\/Leipziger-Oboenband-\u00a9-Martin-Jehnichen.jpeg 640w, https:\/\/neustrelitz-evangelisch.de\/wp-content\/uploads\/2024\/06\/Leipziger-Oboenband-\u00a9-Martin-Jehnichen-300x200.jpeg 300w\" sizes=\"(max-width: 640px) 100vw, 640px\" \/><\/a><figcaption class=\"wp-element-caption\">Leipziger Oboenband (\u00a9 Martin Jehnichen)<\/figcaption><\/figure>\n","protected":false},"excerpt":{"rendered":"<p>28. Juli 2024, 17 Uhr, Stadtkirche Neustrelitz Musik der H\u00f6fe und Residenzen Europas: Ouvert\u00fcren, Suiten und Sonaten f\u00fcr Oboen, Fagott und Percussion Leipziger Oboenband:Luise Haugk und Markus M\u00fcller \u2013 OboeNorbert Kaschel \u2013 TailleStefan Pantzier \u2013 FagottIvo Nitschke \u2013 Schlagwerk<\/p>\n","protected":false},"author":4,"featured_media":2803,"comment_status":"closed","ping_status":"closed","sticky":false,"template":"","format":"standard","meta":[],"categories":[6],"tags":[15,25,103,13,20],"_links":{"self":[{"href":"https:\/\/neustrelitz-evangelisch.de\/index.php\/wp-json\/wp\/v2\/posts\/2802"}],"collection":[{"href":"https:\/\/neustrelitz-evangelisch.de\/index.php\/wp-json\/wp\/v2\/posts"}],"about":[{"href":"https:\/\/neustrelitz-evangelisch.de\/index.php\/wp-json\/wp\/v2\/types\/post"}],"author":[{"embeddable":true,"href":"https:\/\/neustrelitz-evangelisch.de\/index.php\/wp-json\/wp\/v2\/users\/4"}],"replies":[{"embeddable":true,"href":"https:\/\/neustrelitz-evangelisch.de\/index.php\/wp-json\/wp\/v2\/comments?post=2802"}],"version-history":[{"count":2,"href":"https:\/\/neustrelitz-evangelisch.de\/index.php\/wp-json\/wp\/v2\/posts\/2802\/revisions"}],"predecessor-version":[{"id":2850,"href":"https:\/\/neustrelitz-evangelisch.de\/index.php\/wp-json\/wp\/v2\/posts\/2802\/revisions\/2850"}],"wp:featuredmedia":[{"embeddable":true,"href":"https:\/\/neustrelitz-evangelisch.de\/index.php\/wp-json\/wp\/v2\/media\/2803"}],"wp:attachment":[{"href":"https:\/\/neustrelitz-evangelisch.de\/index.php\/wp-json\/wp\/v2\/media?parent=2802"}],"wp:term":[{"taxonomy":"category","embeddable":true,"href":"https:\/\/neustrelitz-evangelisch.de\/index.php\/wp-json\/wp\/v2\/categories?post=2802"},{"taxonomy":"post_tag","embeddable":true,"href":"https:\/\/neustrelitz-evangelisch.de\/index.php\/wp-json\/wp\/v2\/tags?post=2802"}],"curies":[{"name":"wp","href":"https:\/\/api.w.org\/{rel}","templated":true}]}}