{"id":2940,"date":"2025-01-23T18:58:13","date_gmt":"2025-01-23T17:58:13","guid":{"rendered":"https:\/\/neustrelitz-evangelisch.de\/?p=2940"},"modified":"2025-02-05T10:55:29","modified_gmt":"2025-02-05T09:55:29","slug":"konzert-mit-krishn-kypke","status":"publish","type":"post","link":"https:\/\/neustrelitz-evangelisch.de\/index.php\/2025\/01\/23\/konzert-mit-krishn-kypke\/","title":{"rendered":"Konzert mit Krishn Kypke"},"content":{"rendered":"\n<p><strong><mark style=\"background-color:rgba(0, 0, 0, 0)\" class=\"has-inline-color has-vivid-red-color\">Am Sonntag, 26. Jan. 2025<\/mark><\/strong><\/p>\n\n\n\n<p><strong><mark style=\"background-color:rgba(0, 0, 0, 0)\" class=\"has-inline-color has-vivid-red-color\">Um 16:00 Uhr (gem\u00fctliches Ankommen mit Kaffee und Kuchen ab 15:00 Uhr)<\/mark><\/strong><\/p>\n\n\n\n<p><strong><mark style=\"background-color:rgba(0, 0, 0, 0)\" class=\"has-inline-color has-vivid-red-color\">In der Ev. Kirche Ntz.-Kiefernheide (Goethestra\u00dfe 25 in Neustrelitz)<\/mark><\/strong><\/p>\n\n\n\n<p><\/p>\n\n\n\n<p><strong>&#8220;Abenteuer in Wort und Ton&#8221;<br>Worldmusic von Nordschweden bis S\u00fcdindien.<\/strong><\/p>\n\n\n\n<p>Musik die von Abenteuern erz\u00e4hlt.<br>Der in Deutschland geborene Gitarrist Krishn Kypke bereiste viele L\u00e4nder. Unter anderem Indien, China, Malaysia, Uzbekistan oder den Polarkreis. Ziel war es, sich eine Auszeit zu nehmen und keine Musik zu machen. Das mit der Auszeit kam anders als erwartet. So lernte er auf seinen Reisen nicht nur die Kultur, Land und Leute kennen, sondern auch deren Musik und Saiteninstrumente. Die erlebten Abenteuer sind zu Klang und Musik geworden. Seine Konzerte sind f\u00fcr den Zuh\u00f6rer wahre Erlebnisse in denen Klangwelten entstehen die in dieser Form und Authentizit\u00e4t wohl einzigartig sind. Musik ist eine Sprache die alle Grenzen \u00fcberwindet. Zur Musik werden Reiserlebnisse erz\u00e4hlt, die mal heiter, mal dramatisch und manchmal auch beides gleichzeitig sind. Es erklingen exotische Instrumente und Melodien aus fernen L\u00e4ndern. Aber auch Bearbeitungen und eigene Kompositionen die musikalisch von den Reisen erz\u00e4hlen. Ein Konzert auf dem im besten Sinne \u201eWorldmusic\u201c zu H\u00f6ren ist. Neben der Gitarre erklingen Sitar, Dutar, Pipa und Tumbi.<\/p>\n\n\n\n<figure class=\"wp-block-image size-large\"><img decoding=\"async\" loading=\"lazy\" width=\"1024\" height=\"683\" src=\"https:\/\/neustrelitz-evangelisch.de\/wp-content\/uploads\/2025\/01\/06.07.24-Die-Saiten-der-Welt-Pressefoto-1-Krishn-Kypke-1024x683.jpg\" alt=\"\" class=\"wp-image-2941\" srcset=\"https:\/\/neustrelitz-evangelisch.de\/wp-content\/uploads\/2025\/01\/06.07.24-Die-Saiten-der-Welt-Pressefoto-1-Krishn-Kypke-1024x683.jpg 1024w, https:\/\/neustrelitz-evangelisch.de\/wp-content\/uploads\/2025\/01\/06.07.24-Die-Saiten-der-Welt-Pressefoto-1-Krishn-Kypke-300x200.jpg 300w, https:\/\/neustrelitz-evangelisch.de\/wp-content\/uploads\/2025\/01\/06.07.24-Die-Saiten-der-Welt-Pressefoto-1-Krishn-Kypke-768x512.jpg 768w, https:\/\/neustrelitz-evangelisch.de\/wp-content\/uploads\/2025\/01\/06.07.24-Die-Saiten-der-Welt-Pressefoto-1-Krishn-Kypke-1536x1024.jpg 1536w, https:\/\/neustrelitz-evangelisch.de\/wp-content\/uploads\/2025\/01\/06.07.24-Die-Saiten-der-Welt-Pressefoto-1-Krishn-Kypke-2048x1365.jpg 2048w\" sizes=\"(max-width: 1024px) 100vw, 1024px\" \/><\/figure>\n","protected":false},"excerpt":{"rendered":"<p>Am Sonntag, 26. Jan. 2025 Um 16:00 Uhr (gem\u00fctliches Ankommen mit Kaffee und Kuchen ab 15:00 Uhr) In der Ev. Kirche Ntz.-Kiefernheide (Goethestra\u00dfe 25 in Neustrelitz) &#8220;Abenteuer in Wort und Ton&#8221;Worldmusic von Nordschweden bis S\u00fcdindien. Musik die von Abenteuern erz\u00e4hlt.Der in Deutschland geborene Gitarrist Krishn Kypke bereiste viele L\u00e4nder. Unter anderem Indien, China, Malaysia, Uzbekistan [&hellip;]<\/p>\n","protected":false},"author":3,"featured_media":0,"comment_status":"closed","ping_status":"closed","sticky":false,"template":"","format":"standard","meta":[],"categories":[6],"tags":[],"_links":{"self":[{"href":"https:\/\/neustrelitz-evangelisch.de\/index.php\/wp-json\/wp\/v2\/posts\/2940"}],"collection":[{"href":"https:\/\/neustrelitz-evangelisch.de\/index.php\/wp-json\/wp\/v2\/posts"}],"about":[{"href":"https:\/\/neustrelitz-evangelisch.de\/index.php\/wp-json\/wp\/v2\/types\/post"}],"author":[{"embeddable":true,"href":"https:\/\/neustrelitz-evangelisch.de\/index.php\/wp-json\/wp\/v2\/users\/3"}],"replies":[{"embeddable":true,"href":"https:\/\/neustrelitz-evangelisch.de\/index.php\/wp-json\/wp\/v2\/comments?post=2940"}],"version-history":[{"count":1,"href":"https:\/\/neustrelitz-evangelisch.de\/index.php\/wp-json\/wp\/v2\/posts\/2940\/revisions"}],"predecessor-version":[{"id":2942,"href":"https:\/\/neustrelitz-evangelisch.de\/index.php\/wp-json\/wp\/v2\/posts\/2940\/revisions\/2942"}],"wp:attachment":[{"href":"https:\/\/neustrelitz-evangelisch.de\/index.php\/wp-json\/wp\/v2\/media?parent=2940"}],"wp:term":[{"taxonomy":"category","embeddable":true,"href":"https:\/\/neustrelitz-evangelisch.de\/index.php\/wp-json\/wp\/v2\/categories?post=2940"},{"taxonomy":"post_tag","embeddable":true,"href":"https:\/\/neustrelitz-evangelisch.de\/index.php\/wp-json\/wp\/v2\/tags?post=2940"}],"curies":[{"name":"wp","href":"https:\/\/api.w.org\/{rel}","templated":true}]}}