{"id":3176,"date":"2025-10-27T09:27:31","date_gmt":"2025-10-27T08:27:31","guid":{"rendered":"https:\/\/neustrelitz-evangelisch.de\/?p=3176"},"modified":"2026-02-11T10:31:31","modified_gmt":"2026-02-11T09:31:31","slug":"07-01-2026-neujahrskonzert","status":"publish","type":"post","link":"https:\/\/neustrelitz-evangelisch.de\/index.php\/2025\/10\/27\/07-01-2026-neujahrskonzert\/","title":{"rendered":"07.01.2026 \u2013 NEUJAHRSKONZERT"},"content":{"rendered":"\n<h3>Mittwoch, 07.01.2026, 17 Uhr, Stadtkirche Neustrelitz<\/h3>\n\n\n\n<p>Die Kirchengemeinde Strelitzer Land l\u00e4dt herzlich zum traditionellen Neujahrskonzert am Mittwoch, dem 7. Januar 2026, um 17 Uhr in die Stadtkirche Neustrelitz ein. Wie in jedem Jahr er\u00f6ffnet das renommierte Schweriner Blechbl\u00e4ser-Collegium den musikalischen Jahresbeginn. Das Ensemble aus zehn professionellen Musikern, die in Orchestern in Schwerin und L\u00fcbeck t\u00e4tig sind, pr\u00e4sentiert ein festliches Programm voller klanglicher Vielfalt.<\/p>\n\n\n\n<p>Unter dem Motto \u201eVon der Zauberfl\u00f6te zum Zauberstab: Eine Reise durch die Magie der Musik\u201c entfaltet sich eine musikalische Reise mit besonderen Bez\u00fcgen zu Neustrelitz. Zu h\u00f6ren sind die Ouvert\u00fcre zu Mozarts \u201eZauberfl\u00f6te\u201c sowie die Concert-Ouverture von August Klughardt, der von 1869 bis 1873 als Hofkapellmeister in Neustrelitz wirkte. Zudem erklingen der Abendsegen und die Pantomime aus \u201eH\u00e4nsel und Gretel\u201c von Engelbert Humperdinck, der 1921 in Neustrelitz starb. Einen kontrastreichen H\u00f6hepunkt bietet Gershwins \u201eRhapsody in Blue\u201c, bevor Filmmusik aus \u201eHarry Potter\u201c die Zuh\u00f6rerinnen und Zuh\u00f6rer in moderne Klangwelten entf\u00fchrt.<\/p>\n\n\n\n<p>Der Eintritt ist frei; am Ausgang wird um eine Spende f\u00fcr die Kirchenmusik gebeten.<\/p>\n\n\n\n<figure class=\"wp-block-image size-large\"><img decoding=\"async\" loading=\"lazy\" width=\"768\" height=\"1024\" src=\"https:\/\/neustrelitz-evangelisch.de\/wp-content\/uploads\/2025\/10\/4.4.-Schwerin-Blechblaeser-Collegium-\u00a9-privat-768x1024.jpeg\" alt=\"\" class=\"wp-image-3177\" srcset=\"https:\/\/neustrelitz-evangelisch.de\/wp-content\/uploads\/2025\/10\/4.4.-Schwerin-Blechblaeser-Collegium-\u00a9-privat-768x1024.jpeg 768w, https:\/\/neustrelitz-evangelisch.de\/wp-content\/uploads\/2025\/10\/4.4.-Schwerin-Blechblaeser-Collegium-\u00a9-privat-225x300.jpeg 225w, https:\/\/neustrelitz-evangelisch.de\/wp-content\/uploads\/2025\/10\/4.4.-Schwerin-Blechblaeser-Collegium-\u00a9-privat-1152x1536.jpeg 1152w, https:\/\/neustrelitz-evangelisch.de\/wp-content\/uploads\/2025\/10\/4.4.-Schwerin-Blechblaeser-Collegium-\u00a9-privat.jpeg 1536w\" sizes=\"(max-width: 768px) 100vw, 768px\" \/><figcaption class=\"wp-element-caption\">Schweriner Blechbl\u00e4ser Collegium (\u00a9 Schweriner Blechbl\u00e4ser-Collegium)<\/figcaption><\/figure>\n","protected":false},"excerpt":{"rendered":"<p>Mittwoch, 07.01.2026, 17 Uhr, Stadtkirche Neustrelitz Die Kirchengemeinde Strelitzer Land l\u00e4dt herzlich zum traditionellen Neujahrskonzert am Mittwoch, dem 7. Januar 2026, um 17 Uhr in die Stadtkirche Neustrelitz ein. Wie in jedem Jahr er\u00f6ffnet das renommierte Schweriner Blechbl\u00e4ser-Collegium den musikalischen Jahresbeginn. Das Ensemble aus zehn professionellen Musikern, die in Orchestern in Schwerin und L\u00fcbeck t\u00e4tig [&hellip;]<\/p>\n","protected":false},"author":1,"featured_media":3177,"comment_status":"closed","ping_status":"closed","sticky":false,"template":"","format":"standard","meta":[],"categories":[6],"tags":[95,15,121,20],"_links":{"self":[{"href":"https:\/\/neustrelitz-evangelisch.de\/index.php\/wp-json\/wp\/v2\/posts\/3176"}],"collection":[{"href":"https:\/\/neustrelitz-evangelisch.de\/index.php\/wp-json\/wp\/v2\/posts"}],"about":[{"href":"https:\/\/neustrelitz-evangelisch.de\/index.php\/wp-json\/wp\/v2\/types\/post"}],"author":[{"embeddable":true,"href":"https:\/\/neustrelitz-evangelisch.de\/index.php\/wp-json\/wp\/v2\/users\/1"}],"replies":[{"embeddable":true,"href":"https:\/\/neustrelitz-evangelisch.de\/index.php\/wp-json\/wp\/v2\/comments?post=3176"}],"version-history":[{"count":2,"href":"https:\/\/neustrelitz-evangelisch.de\/index.php\/wp-json\/wp\/v2\/posts\/3176\/revisions"}],"predecessor-version":[{"id":3199,"href":"https:\/\/neustrelitz-evangelisch.de\/index.php\/wp-json\/wp\/v2\/posts\/3176\/revisions\/3199"}],"wp:featuredmedia":[{"embeddable":true,"href":"https:\/\/neustrelitz-evangelisch.de\/index.php\/wp-json\/wp\/v2\/media\/3177"}],"wp:attachment":[{"href":"https:\/\/neustrelitz-evangelisch.de\/index.php\/wp-json\/wp\/v2\/media?parent=3176"}],"wp:term":[{"taxonomy":"category","embeddable":true,"href":"https:\/\/neustrelitz-evangelisch.de\/index.php\/wp-json\/wp\/v2\/categories?post=3176"},{"taxonomy":"post_tag","embeddable":true,"href":"https:\/\/neustrelitz-evangelisch.de\/index.php\/wp-json\/wp\/v2\/tags?post=3176"}],"curies":[{"name":"wp","href":"https:\/\/api.w.org\/{rel}","templated":true}]}}