{"id":3256,"date":"2026-05-03T14:06:32","date_gmt":"2026-05-03T13:06:32","guid":{"rendered":"https:\/\/neustrelitz-evangelisch.de\/?p=3256"},"modified":"2026-05-03T14:06:33","modified_gmt":"2026-05-03T13:06:33","slug":"konzerte-am-himmelfahrtswochenende-mit-der-band-windspiel-in-neustrelitz-kiefernheide-und-kratzeburg","status":"publish","type":"post","link":"https:\/\/neustrelitz-evangelisch.de\/index.php\/2026\/05\/03\/konzerte-am-himmelfahrtswochenende-mit-der-band-windspiel-in-neustrelitz-kiefernheide-und-kratzeburg\/","title":{"rendered":"Konzerte am Himmelfahrtswochenende mit der Band &#8220;Windspiel&#8221; in Neustrelitz-Kiefernheide und Kratzeburg"},"content":{"rendered":"\n<p><strong>Christi Himmelfahrt- Donnerstag, <mark style=\"background-color:rgba(0, 0, 0, 0)\" class=\"has-inline-color has-vivid-red-color\">14. Mai 2026<\/mark><br><mark style=\"background-color:rgba(0, 0, 0, 0)\" class=\"has-inline-color has-vivid-green-cyan-color\">Kirche Neustrelitz-Kiefernheide<\/mark><br>16:00 Uhr<\/strong><\/p>\n\n\n\n<p>UND<\/p>\n\n\n\n<p><strong>Samstag, <mark style=\"background-color:rgba(0, 0, 0, 0)\" class=\"has-inline-color has-vivid-red-color\">16. Mai 2026<\/mark><br><mark style=\"background-color:rgba(0, 0, 0, 0)\" class=\"has-inline-color has-vivid-green-cyan-color\">Kirche Kratzeburg<\/mark><br>16:00 Uhr<\/strong><\/p>\n\n\n\n<p>Der Eintritt bei beiden Konzerten ist frei. Um Spenden f\u00fcr die Musiker wird gebeten. <\/p>\n\n\n\n<figure class=\"wp-block-image size-large\"><img decoding=\"async\" loading=\"lazy\" width=\"1024\" height=\"683\" src=\"https:\/\/neustrelitz-evangelisch.de\/wp-content\/uploads\/2026\/05\/Foto-Windkind-1024x683.jpg\" alt=\"\" class=\"wp-image-3257\" srcset=\"https:\/\/neustrelitz-evangelisch.de\/wp-content\/uploads\/2026\/05\/Foto-Windkind-1024x683.jpg 1024w, https:\/\/neustrelitz-evangelisch.de\/wp-content\/uploads\/2026\/05\/Foto-Windkind-300x200.jpg 300w, https:\/\/neustrelitz-evangelisch.de\/wp-content\/uploads\/2026\/05\/Foto-Windkind-768x512.jpg 768w, https:\/\/neustrelitz-evangelisch.de\/wp-content\/uploads\/2026\/05\/Foto-Windkind-1536x1024.jpg 1536w, https:\/\/neustrelitz-evangelisch.de\/wp-content\/uploads\/2026\/05\/Foto-Windkind-2048x1365.jpg 2048w\" sizes=\"(max-width: 1024px) 100vw, 1024px\" \/><\/figure>\n\n\n\n<p><strong><mark style=\"background-color:rgba(0, 0, 0, 0)\" class=\"has-inline-color has-vivid-cyan-blue-color\">Die Band &#8220;Windspiel&#8221;<\/mark><\/strong><br>2021 trafen sich vier Musiker zu Tonaufnahmen f\u00fcr die CD &#8220;Klang der Stolpersteine&#8221;. Diese CD dokumentiert die gleichnamige Aktion, mit der seit 2017 allj\u00e4hrlich am 9. November die Stadt Jena auf friedlich-musikalische Art okkupiert wird.<br>Diese Zusammenarbeit war so begl\u00fcckend, dass daraus die Band &#8220;Windkind&#8221; geboren wurde. Das bunte Repertoire besteht aus der Folklore europ\u00e4ischer L\u00e4nder, gesungen wird in deutsch, franz\u00f6sisch, russisch, jiddisch, englisch&#8230;<br>Vier Stimmen, manchmal gleichzeitig.<br><br>Windkind sind:<br>Irina Storozev voc, akk, perc<br>Udo Hemmann voc, bass, git, perc, ukulele<br>Klaus Wegener voc, Sax, klarinette<br>josa voc, harp, git, md<\/p>\n","protected":false},"excerpt":{"rendered":"<p>Christi Himmelfahrt- Donnerstag, 14. Mai 2026Kirche Neustrelitz-Kiefernheide16:00 Uhr UND Samstag, 16. Mai 2026Kirche Kratzeburg16:00 Uhr Der Eintritt bei beiden Konzerten ist frei. Um Spenden f\u00fcr die Musiker wird gebeten. Die Band &#8220;Windspiel&#8221;2021 trafen sich vier Musiker zu Tonaufnahmen f\u00fcr die CD &#8220;Klang der Stolpersteine&#8221;. Diese CD dokumentiert die gleichnamige Aktion, mit der seit 2017 allj\u00e4hrlich [&hellip;]<\/p>\n","protected":false},"author":3,"featured_media":0,"comment_status":"closed","ping_status":"closed","sticky":false,"template":"","format":"standard","meta":[],"categories":[8,7],"tags":[],"_links":{"self":[{"href":"https:\/\/neustrelitz-evangelisch.de\/index.php\/wp-json\/wp\/v2\/posts\/3256"}],"collection":[{"href":"https:\/\/neustrelitz-evangelisch.de\/index.php\/wp-json\/wp\/v2\/posts"}],"about":[{"href":"https:\/\/neustrelitz-evangelisch.de\/index.php\/wp-json\/wp\/v2\/types\/post"}],"author":[{"embeddable":true,"href":"https:\/\/neustrelitz-evangelisch.de\/index.php\/wp-json\/wp\/v2\/users\/3"}],"replies":[{"embeddable":true,"href":"https:\/\/neustrelitz-evangelisch.de\/index.php\/wp-json\/wp\/v2\/comments?post=3256"}],"version-history":[{"count":1,"href":"https:\/\/neustrelitz-evangelisch.de\/index.php\/wp-json\/wp\/v2\/posts\/3256\/revisions"}],"predecessor-version":[{"id":3258,"href":"https:\/\/neustrelitz-evangelisch.de\/index.php\/wp-json\/wp\/v2\/posts\/3256\/revisions\/3258"}],"wp:attachment":[{"href":"https:\/\/neustrelitz-evangelisch.de\/index.php\/wp-json\/wp\/v2\/media?parent=3256"}],"wp:term":[{"taxonomy":"category","embeddable":true,"href":"https:\/\/neustrelitz-evangelisch.de\/index.php\/wp-json\/wp\/v2\/categories?post=3256"},{"taxonomy":"post_tag","embeddable":true,"href":"https:\/\/neustrelitz-evangelisch.de\/index.php\/wp-json\/wp\/v2\/tags?post=3256"}],"curies":[{"name":"wp","href":"https:\/\/api.w.org\/{rel}","templated":true}]}}