{"id":3498,"date":"2026-09-01T10:38:08","date_gmt":"2026-09-01T09:38:08","guid":{"rendered":"https:\/\/neustrelitz-evangelisch.de\/?p=3498"},"modified":"2026-09-01T10:38:09","modified_gmt":"2026-09-01T09:38:09","slug":"12-09-2026-festliche-blaeserserenade-in-der-stadtkirche","status":"publish","type":"post","link":"https:\/\/neustrelitz-evangelisch.de\/index.php\/2026\/09\/01\/12-09-2026-festliche-blaeserserenade-in-der-stadtkirche\/","title":{"rendered":"12.09.2026 \u2013\u00a0Festliche Bl\u00e4serserenade in der Stadtkirche"},"content":{"rendered":"\n<p class=\"wp-block-paragraph\">Am&nbsp;Sonnabend, dem 12. September, erklingt in der Stadtkirche Neustrelitz Musik f\u00fcr gro\u00dfes Blechbl\u00e4serensemble. Zu Gast sind rund 40 Bl\u00e4serinnen und Bl\u00e4ser der S\u00e4chsischen Posaunenmission e.V., die im Rahmen einer Bl\u00e4serfreizeit im Ferienland Salem gemeinsam unterwegs sind, proben und ein abwechslungsreiches Konzertprogramm erarbeiten.<\/p>\n\n\n\n<p class=\"wp-block-paragraph\">Auf dem Programm steht anspruchsvolle Bl\u00e4sermusik aus vier Jahrhunderten. Einen besonderen Schwerpunkt bilden in diesem Jahr Bearbeitungen von Liedern des Kirchenlieddichters und Pfarrers Paul Gerhardt anl\u00e4sslich seines 350. Todestages. Viele seiner Lieder geh\u00f6ren bis heute zum festen Bestand der evangelischen Kirchenmusik.<\/p>\n\n\n\n<p class=\"wp-block-paragraph\">Unter der Leitung von Landesposaunenwart KMD Ulrich Meier n\u00e4hert sich das Ensemble den bekannten Melodien in ganz unterschiedlicher Stilistik und vielf\u00e4ltiger musikalischer Auspr\u00e4gung. So treffen vertraute Chor\u00e4le auf neue Klangfarben und zeitgen\u00f6ssische Bearbeitungen.<\/p>\n\n\n\n<p class=\"wp-block-paragraph\">Das Konzert beginnt um 18:00 Uhr. Der Eintritt ist frei, um eine Spende wird gebeten.<\/p>\n\n\n\n<figure class=\"wp-block-image size-large\"><img loading=\"lazy\" decoding=\"async\" width=\"1024\" height=\"683\" src=\"https:\/\/neustrelitz-evangelisch.de\/wp-content\/uploads\/2026\/09\/20260912-\u2013-Saechsisches-Blaeserensemble-\u00a9-Katrein-Saalfrank-1024x683.jpg\" alt=\"\" class=\"wp-image-3499\" srcset=\"https:\/\/neustrelitz-evangelisch.de\/wp-content\/uploads\/2026\/09\/20260912-\u2013-Saechsisches-Blaeserensemble-\u00a9-Katrein-Saalfrank-1024x683.jpg 1024w, https:\/\/neustrelitz-evangelisch.de\/wp-content\/uploads\/2026\/09\/20260912-\u2013-Saechsisches-Blaeserensemble-\u00a9-Katrein-Saalfrank-300x200.jpg 300w, https:\/\/neustrelitz-evangelisch.de\/wp-content\/uploads\/2026\/09\/20260912-\u2013-Saechsisches-Blaeserensemble-\u00a9-Katrein-Saalfrank-768x512.jpg 768w, https:\/\/neustrelitz-evangelisch.de\/wp-content\/uploads\/2026\/09\/20260912-\u2013-Saechsisches-Blaeserensemble-\u00a9-Katrein-Saalfrank-1536x1024.jpg 1536w, https:\/\/neustrelitz-evangelisch.de\/wp-content\/uploads\/2026\/09\/20260912-\u2013-Saechsisches-Blaeserensemble-\u00a9-Katrein-Saalfrank-2048x1365.jpg 2048w\" sizes=\"auto, (max-width: 1024px) 100vw, 1024px\" \/><figcaption class=\"wp-element-caption\">S\u00e4chsisches Bl\u00e4serensemble (\u00a9 Kathrin Saalfrank)<\/figcaption><\/figure>\n\n\n\n<p class=\"wp-block-paragraph\"><\/p>\n","protected":false},"excerpt":{"rendered":"<p>Am&nbsp;Sonnabend, dem 12. September, erklingt in der Stadtkirche Neustrelitz Musik f\u00fcr gro\u00dfes Blechbl\u00e4serensemble. Zu Gast sind rund 40 Bl\u00e4serinnen und Bl\u00e4ser der S\u00e4chsischen Posaunenmission e.V., die im Rahmen einer Bl\u00e4serfreizeit im Ferienland Salem gemeinsam unterwegs sind, proben und ein abwechslungsreiches Konzertprogramm erarbeiten. Auf dem Programm steht anspruchsvolle Bl\u00e4sermusik aus vier Jahrhunderten. Einen besonderen Schwerpunkt bilden [&hellip;]<\/p>\n","protected":false},"author":4,"featured_media":3499,"comment_status":"closed","ping_status":"closed","sticky":false,"template":"","format":"standard","meta":{"footnotes":""},"categories":[8,7],"tags":[95,15,132,20],"class_list":["post-3498","post","type-post","status-publish","format-standard","has-post-thumbnail","hentry","category-aktuelles","category-musikalische-veranstaltungen","tag-blechblaeser","tag-konzert","tag-posaunenchor","tag-stadtkirche-neustrelitz"],"_links":{"self":[{"href":"https:\/\/neustrelitz-evangelisch.de\/index.php\/wp-json\/wp\/v2\/posts\/3498","targetHints":{"allow":["GET"]}}],"collection":[{"href":"https:\/\/neustrelitz-evangelisch.de\/index.php\/wp-json\/wp\/v2\/posts"}],"about":[{"href":"https:\/\/neustrelitz-evangelisch.de\/index.php\/wp-json\/wp\/v2\/types\/post"}],"author":[{"embeddable":true,"href":"https:\/\/neustrelitz-evangelisch.de\/index.php\/wp-json\/wp\/v2\/users\/4"}],"replies":[{"embeddable":true,"href":"https:\/\/neustrelitz-evangelisch.de\/index.php\/wp-json\/wp\/v2\/comments?post=3498"}],"version-history":[{"count":1,"href":"https:\/\/neustrelitz-evangelisch.de\/index.php\/wp-json\/wp\/v2\/posts\/3498\/revisions"}],"predecessor-version":[{"id":3500,"href":"https:\/\/neustrelitz-evangelisch.de\/index.php\/wp-json\/wp\/v2\/posts\/3498\/revisions\/3500"}],"wp:featuredmedia":[{"embeddable":true,"href":"https:\/\/neustrelitz-evangelisch.de\/index.php\/wp-json\/wp\/v2\/media\/3499"}],"wp:attachment":[{"href":"https:\/\/neustrelitz-evangelisch.de\/index.php\/wp-json\/wp\/v2\/media?parent=3498"}],"wp:term":[{"taxonomy":"category","embeddable":true,"href":"https:\/\/neustrelitz-evangelisch.de\/index.php\/wp-json\/wp\/v2\/categories?post=3498"},{"taxonomy":"post_tag","embeddable":true,"href":"https:\/\/neustrelitz-evangelisch.de\/index.php\/wp-json\/wp\/v2\/tags?post=3498"}],"curies":[{"name":"wp","href":"https:\/\/api.w.org\/{rel}","templated":true}]}}